{"id":7996,"date":"2022-09-27T18:29:49","date_gmt":"2022-09-27T21:29:49","guid":{"rendered":"http:\/\/www.dzo.ufv.br\/?p=7996"},"modified":"2022-09-27T18:30:30","modified_gmt":"2022-09-27T21:30:30","slug":"saude-mental-palestra-sobre-o-tema-reune-estudantes-servidores-e-docentes-no-dzo","status":"publish","type":"post","link":"http:\/\/www.dzo.ufv.br\/index.php\/2022\/09\/27\/saude-mental-palestra-sobre-o-tema-reune-estudantes-servidores-e-docentes-no-dzo\/","title":{"rendered":"Sa\u00fade Mental: Palestra sobre o tema re\u00fane estudantes, servidores e docentes no DZO"},"content":{"rendered":"<p><span style=\"font-weight: 400;\">No dia 23 (sexta-feira), o<strong> Departamento de Zootecnia recebeu a psic\u00f3loga Maryellen Gerv\u00e1sio para uma palestra<\/strong>. Com o eixo <strong>\u201cConversando sobre Sa\u00fade Mental: Promo\u00e7\u00e3o, desafios e enfrentamentos\u201d<\/strong>, a apresenta\u00e7\u00e3o focou em explica\u00e7\u00f5es sobre os transtornos mentais mais comuns no meio universit\u00e1rio (e em suas implica\u00e7\u00f5es fora dele). Al\u00e9m disso, promoveu a desconstru\u00e7\u00e3o de preconceitos e estere\u00f3tipos em rela\u00e7\u00e3o a essas dificuldades,<strong> refor\u00e7ando o qu\u00e3o importante \u00e9 discutir o tema, oferecer ajuda e entender mais sobre si mesmo.<\/strong><\/span><\/p>\n<p><span style=\"font-weight: 400;\">A iniciativa foi uma ades\u00e3o ao considerado<\/span><b> m\u00eas mundial da preven\u00e7\u00e3o ao suic\u00eddio<\/b><span style=\"font-weight: 400;\">, popularmente conhecido como <strong>Setembro Amarelo.<\/strong> Reunindo estudantes, docentes e outros servidores do departamento, o momento tamb\u00e9m contou com a participa\u00e7\u00e3o da <strong>massagista Cl\u00e1udia Campos.<\/strong><\/span><\/p>\n","protected":false},"excerpt":{"rendered":"<p>No dia 23 (sexta-feira), o Departamento de Zootecnia recebeu a psic\u00f3loga Maryellen Gerv\u00e1sio para uma palestra. Com o eixo \u201cConversando sobre Sa\u00fade Mental: Promo\u00e7\u00e3o, desafios e enfrentamentos\u201d, a apresenta\u00e7\u00e3o focou em explica\u00e7\u00f5es sobre os transtornos mentais mais comuns no meio universit\u00e1rio (e em suas implica\u00e7\u00f5es fora dele). Al\u00e9m disso, promoveu a desconstru\u00e7\u00e3o de preconceitos e [&hellip;]<\/p>\n","protected":false},"author":1,"featured_media":7997,"comment_status":"open","ping_status":"open","sticky":false,"template":"","format":"standard","meta":[],"categories":[1],"tags":[200,351,170,581,577,579,88],"_links":{"self":[{"href":"http:\/\/www.dzo.ufv.br\/index.php\/wp-json\/wp\/v2\/posts\/7996"}],"collection":[{"href":"http:\/\/www.dzo.ufv.br\/index.php\/wp-json\/wp\/v2\/posts"}],"about":[{"href":"http:\/\/www.dzo.ufv.br\/index.php\/wp-json\/wp\/v2\/types\/post"}],"author":[{"embeddable":true,"href":"http:\/\/www.dzo.ufv.br\/index.php\/wp-json\/wp\/v2\/users\/1"}],"replies":[{"embeddable":true,"href":"http:\/\/www.dzo.ufv.br\/index.php\/wp-json\/wp\/v2\/comments?post=7996"}],"version-history":[{"count":3,"href":"http:\/\/www.dzo.ufv.br\/index.php\/wp-json\/wp\/v2\/posts\/7996\/revisions"}],"predecessor-version":[{"id":8000,"href":"http:\/\/www.dzo.ufv.br\/index.php\/wp-json\/wp\/v2\/posts\/7996\/revisions\/8000"}],"wp:featuredmedia":[{"embeddable":true,"href":"http:\/\/www.dzo.ufv.br\/index.php\/wp-json\/wp\/v2\/media\/7997"}],"wp:attachment":[{"href":"http:\/\/www.dzo.ufv.br\/index.php\/wp-json\/wp\/v2\/media?parent=7996"}],"wp:term":[{"taxonomy":"category","embeddable":true,"href":"http:\/\/www.dzo.ufv.br\/index.php\/wp-json\/wp\/v2\/categories?post=7996"},{"taxonomy":"post_tag","embeddable":true,"href":"http:\/\/www.dzo.ufv.br\/index.php\/wp-json\/wp\/v2\/tags?post=7996"}],"curies":[{"name":"wp","href":"https:\/\/api.w.org\/{rel}","templated":true}]}}