{"id":7733,"date":"2021-11-30T17:59:17","date_gmt":"2021-11-30T20:59:17","guid":{"rendered":"http:\/\/www.dzo.ufv.br\/?p=7733"},"modified":"2021-11-30T17:59:17","modified_gmt":"2021-11-30T20:59:17","slug":"ufv-abre-edital-para-contratacao-de-zootecnistas","status":"publish","type":"post","link":"http:\/\/www.dzo.ufv.br\/index.php\/2021\/11\/30\/ufv-abre-edital-para-contratacao-de-zootecnistas\/","title":{"rendered":"UFV abre edital para contrata\u00e7\u00e3o de zootecnistas"},"content":{"rendered":"<p><span style=\"font-weight: 400;\">A UFV abriu hoje (30) as inscri\u00e7\u00f5es para o concurso destinado a contrata\u00e7\u00e3o de profissionais t\u00e9cnico-administrativos. Dentre as vagas oferecidas, duas s\u00e3o de zootecnista no campus<\/span><b> Vi\u00e7osa<\/b><span style=\"font-weight: 400;\">. A inscri\u00e7\u00e3o deve ser realizada somente pela internet no site <\/span><a href=\"http:\/\/www.pgp.ufv.br\"><span style=\"font-weight: 400;\">www.pgp.ufv.br<\/span><\/a><span style=\"font-weight: 400;\">, na aba <\/span><a href=\"https:\/\/www.gps.ufv.br\/editais\/232\/\"><span style=\"font-weight: 400;\">\u2018Concursos<\/span><\/a><span style=\"font-weight: 400;\">\u2019<\/span><b>, do dia 30\/11 at\u00e9 o dia 16\/12<\/b><span style=\"font-weight: 400;\">. A taxa de inscri\u00e7\u00e3o \u00e9 de <strong>R$130,00<\/strong>.<\/span><\/p>\n<p>Os profissionais selecionados devem ser graduados em Zootecnia, e ir\u00e3o realizar pesquisas sobre a gen\u00e9tica animal, m\u00e9todos aperfei\u00e7oados de cria\u00e7\u00e3o e\/ou problemas conexos, aplicando conhecimento cient\u00edficos. Dessa forma, dever\u00e3o, dentre as atividades:<\/p>\n<p><i><span style=\"font-weight: 400;\">-Controlar o processo de reprodu\u00e7\u00e3o, empregando m\u00e9todos especiais e adequados;<\/span><\/i><\/p>\n<p><i><span style=\"font-weight: 400;\">-Realizar experi\u00eancias, testando diferentes condi\u00e7\u00f5es de alimenta\u00e7\u00e3o, habitat, higiene e outros aspectos referentes aos animais;<\/span><\/i><\/p>\n<p><i><span style=\"font-weight: 400;\">&#8211; Aperfei\u00e7oar m\u00e9todos de combate e parasitas. Aperfei\u00e7oar m\u00e9todos de determina\u00e7\u00e3o do abate dos animais;<\/span><\/i><\/p>\n<p><i><span style=\"font-weight: 400;\">-Aperfei\u00e7oar m\u00e9todos de prepara\u00e7\u00e3o e armazenamento de produtos animais. Pode especializar-se em determinado campo da Zootecnia a ser designado de acordo com sua especialidade;<\/span><\/i><\/p>\n<p><i><span style=\"font-weight: 400;\">-Executar outras tarefas de mesma natureza e n\u00edvel de dificuldade.<\/span><\/i><\/p>\n<p><span style=\"font-weight: 400;\">Em rela\u00e7\u00e3o a a\u00e7\u00f5es afirmativas, <strong>60% das vagas ser\u00e3o destinadas \u00e0 Ampla Concorr\u00eancia, 20% aos candidatos com defici\u00eancia, e 20% aos candidatos que se autodeclararem pretos ou pardos.<\/strong> O concurso se dar\u00e1 em uma \u00fanica etapa e constar\u00e1 de provas te\u00f3ricas e pr\u00e1ticas. As provas te\u00f3ricas ser\u00e3o constitu\u00eddas de quest\u00f5es de m\u00faltipla escolha, com quatro alternativas cada quest\u00e3o, e de prova discursiva, quando houver, conforme conte\u00fado program\u00e1tico.<\/span><b> Elas ter\u00e3o quest\u00f5es de L\u00edngua portuguesa e conhecimentos espec\u00edficos da \u00e1rea<\/b><span style=\"font-weight: 400;\">. O candidato que n\u00e3o obtiver a pontua\u00e7\u00e3o m\u00ednima de 70% (setenta por cento) do total de pontos obtidos na prova objetiva estar\u00e1 automaticamente eliminado do concurso.\u00a0<\/span><\/p>\n<p><strong>Ambas as provas ser\u00e3o realizadas no campus UFV<\/strong>, sendo as te\u00f3ricas no dia 20\/03\/22. As pr\u00e1ticas est\u00e3o com data prevista para dia 16\/04\/22. Na primeira, o candidato dever\u00e1 levar caneta esferogr\u00e1fica fabricada em material transparente de tinta preta ou azul, Comprovante Definitivo de Inscri\u00e7\u00e3o e documento de identidade original.<\/p>\n<p><span style=\"font-weight: 400;\">\u00a0<\/span><span style=\"font-weight: 400;\">A publica\u00e7\u00e3o do resultado final do concurso ser\u00e1 feita em tr\u00eas listas, contendo, a primeira, a pontua\u00e7\u00e3o de todos os candidatos, inclusive a dos candidatos com defici\u00eancia e dos candidatos que se autodeclararam pretos ou pardos; a segunda, somente a pontua\u00e7\u00e3o dos candidatos com defici\u00eancia e a terceira, somente a pontua\u00e7\u00e3o dos candidatos que se autodeclararam pretos ou pardos. A data da divulga\u00e7\u00e3o ser\u00e1 anunciada no <\/span><a href=\"http:\/\/www.pgp.ufv.br\"><span style=\"font-weight: 400;\">http:\/\/www.pgp.ufv.br<\/span><\/a><span style=\"font-weight: 400;\">.<\/span><\/p>\n<p><span style=\"font-weight: 400;\">Mais informa\u00e7\u00f5es sobre o conte\u00fado program\u00e1tico que contar\u00e1 na prova para zootecnista podem ser encontradas<\/span><a href=\"https:\/\/pgp.ufv.br\/wp-content\/uploads\/2021\/11\/Zootecnista.pdf\"><span style=\"font-weight: 400;\"> aqui.<\/span><\/a><span style=\"font-weight: 400;\"> J\u00e1 o edital completo, com informa\u00e7\u00f5es sobre isen\u00e7\u00e3o de taxa, dura\u00e7\u00e3o da atua\u00e7\u00e3o, dentre outros detalhes, <\/span><a href=\"https:\/\/pgp.ufv.br\/wp-content\/uploads\/2021\/11\/Edital-1-21_completo.pdf\"><span style=\"font-weight: 400;\">aqui.<\/span><\/a><span style=\"font-weight: 400;\"> Outras d\u00favidas podem ser tiradas no link abaixo: <\/span><a href=\"https:\/\/pgp.ufv.br\/edital-01-2021\/\"><span style=\"font-weight: 400;\">https:\/\/pgp.ufv.br\/edital-01-2021\/<\/span><\/a><span style=\"font-weight: 400;\">.\u00a0<\/span><\/p>\n","protected":false},"excerpt":{"rendered":"<p>A UFV abriu hoje (30) as inscri\u00e7\u00f5es para o concurso destinado a contrata\u00e7\u00e3o de profissionais t\u00e9cnico-administrativos. Dentre as vagas oferecidas, duas s\u00e3o de zootecnista no campus Vi\u00e7osa. A inscri\u00e7\u00e3o deve ser realizada somente pela internet no site www.pgp.ufv.br, na aba \u2018Concursos\u2019, do dia 30\/11 at\u00e9 o dia 16\/12. A taxa de inscri\u00e7\u00e3o \u00e9 de R$130,00. [&hellip;]<\/p>\n","protected":false},"author":1,"featured_media":0,"comment_status":"open","ping_status":"open","sticky":false,"template":"","format":"standard","meta":[],"categories":[1],"tags":[499,27,503,501,184],"_links":{"self":[{"href":"http:\/\/www.dzo.ufv.br\/index.php\/wp-json\/wp\/v2\/posts\/7733"}],"collection":[{"href":"http:\/\/www.dzo.ufv.br\/index.php\/wp-json\/wp\/v2\/posts"}],"about":[{"href":"http:\/\/www.dzo.ufv.br\/index.php\/wp-json\/wp\/v2\/types\/post"}],"author":[{"embeddable":true,"href":"http:\/\/www.dzo.ufv.br\/index.php\/wp-json\/wp\/v2\/users\/1"}],"replies":[{"embeddable":true,"href":"http:\/\/www.dzo.ufv.br\/index.php\/wp-json\/wp\/v2\/comments?post=7733"}],"version-history":[{"count":2,"href":"http:\/\/www.dzo.ufv.br\/index.php\/wp-json\/wp\/v2\/posts\/7733\/revisions"}],"predecessor-version":[{"id":7735,"href":"http:\/\/www.dzo.ufv.br\/index.php\/wp-json\/wp\/v2\/posts\/7733\/revisions\/7735"}],"wp:attachment":[{"href":"http:\/\/www.dzo.ufv.br\/index.php\/wp-json\/wp\/v2\/media?parent=7733"}],"wp:term":[{"taxonomy":"category","embeddable":true,"href":"http:\/\/www.dzo.ufv.br\/index.php\/wp-json\/wp\/v2\/categories?post=7733"},{"taxonomy":"post_tag","embeddable":true,"href":"http:\/\/www.dzo.ufv.br\/index.php\/wp-json\/wp\/v2\/tags?post=7733"}],"curies":[{"name":"wp","href":"https:\/\/api.w.org\/{rel}","templated":true}]}}