{"id":6965,"date":"2020-10-06T18:25:21","date_gmt":"2020-10-06T21:25:21","guid":{"rendered":"http:\/\/www.dzo.ufv.br\/?p=6965"},"modified":"2020-10-06T18:38:32","modified_gmt":"2020-10-06T21:38:32","slug":"projeto-de-residencia-e-aprovado-para-o-setor-de-gado-de-leite","status":"publish","type":"post","link":"http:\/\/www.dzo.ufv.br\/index.php\/2020\/10\/06\/projeto-de-residencia-e-aprovado-para-o-setor-de-gado-de-leite\/","title":{"rendered":"Projeto de Resid\u00eancia \u00e9 aprovado para o setor de Gado de Leite"},"content":{"rendered":"<p>O setor de Gado de Leite da Zootecnia\u00a0teve projeto de resid\u00eancia aprovado, coordenado por Polyana Pizzi Rotta, professora do DZO.\u00a0O resultado final do primeiro Edital de Chamamento P\u00fablico do AgroResid\u00eancia \u2013 Programa de Resid\u00eancia Profissional Agr\u00edcola &#8211; foi divulgado nesta segunda-feira (5) pelo Minist\u00e9rio da Agricultura, Pecu\u00e1ria e Abastecimento (Mapa) . Ao todo, 75 projetos foram selecionados de 454 submetidos, no estado de Minas apenas cinco (5) foram aprovados. Esses projetos\u00a0ser\u00e3o financiados para que desenvolvam atividades voltadas \u00e0 qualifica\u00e7\u00e3o t\u00e9cnica de estudantes e rec\u00e9m-egressos dos cursos de ci\u00eancias agr\u00e1rias e afins.<\/p>\n<p>Dentre as propostas aprovadas est\u00e3o projetos voltados para gest\u00e3o de empreendimentos associativos\/cooperativos vinculados a agricultura familiar, nutri\u00e7\u00e3o animal, cadeia produtiva de leite, uso de tecnologias para a pecu\u00e1ria de corte, otimiza\u00e7\u00e3o de sistemas de produ\u00e7\u00e3o de milho e forragens, difus\u00e3o de tecnologias no cultivo org\u00e2nico de hortali\u00e7as, fruticultura irrigada, pr\u00e1ticas\u00a0 agron\u00f4micas\u00a0 de\u00a0 manejo\u00a0 e\u00a0 conserva\u00e7\u00e3o\u00a0 do\u00a0 solo\u00a0 e outros.<\/p>\n<p>Para mais informa\u00e7\u00f5es sobre o projeto <a href=\"https:\/\/www.gov.br\/agricultura\/pt-br\/assuntos\/noticias\/mapa-divulga-lista-com-75-projetos-selecionados-no-edital-do-agroresidencia\">clique aqui.<\/a><\/p>\n<p>Resultado da Sele\u00e7\u00e3o:\u00a0<a href=\"http:\/\/www.dzo.ufv.br\/wp-content\/uploads\/2020\/10\/AGRORESIDNCIAPROJETOSAPROVADOS.pdf\">AGRORESIDNCIAPROJETOSAPROVADOS<\/a><\/p>\n","protected":false},"excerpt":{"rendered":"<p>O setor de Gado de Leite da Zootecnia\u00a0teve projeto de resid\u00eancia aprovado, coordenado por Polyana Pizzi Rotta, professora do DZO.\u00a0O resultado final do primeiro Edital de Chamamento P\u00fablico do AgroResid\u00eancia \u2013 Programa de Resid\u00eancia Profissional Agr\u00edcola &#8211; foi divulgado nesta segunda-feira (5) pelo Minist\u00e9rio da Agricultura, Pecu\u00e1ria e Abastecimento (Mapa) . Ao todo, 75 projetos [&hellip;]<\/p>\n","protected":false},"author":1,"featured_media":6979,"comment_status":"open","ping_status":"open","sticky":false,"template":"","format":"standard","meta":[],"categories":[1],"tags":[],"_links":{"self":[{"href":"http:\/\/www.dzo.ufv.br\/index.php\/wp-json\/wp\/v2\/posts\/6965"}],"collection":[{"href":"http:\/\/www.dzo.ufv.br\/index.php\/wp-json\/wp\/v2\/posts"}],"about":[{"href":"http:\/\/www.dzo.ufv.br\/index.php\/wp-json\/wp\/v2\/types\/post"}],"author":[{"embeddable":true,"href":"http:\/\/www.dzo.ufv.br\/index.php\/wp-json\/wp\/v2\/users\/1"}],"replies":[{"embeddable":true,"href":"http:\/\/www.dzo.ufv.br\/index.php\/wp-json\/wp\/v2\/comments?post=6965"}],"version-history":[{"count":8,"href":"http:\/\/www.dzo.ufv.br\/index.php\/wp-json\/wp\/v2\/posts\/6965\/revisions"}],"predecessor-version":[{"id":6980,"href":"http:\/\/www.dzo.ufv.br\/index.php\/wp-json\/wp\/v2\/posts\/6965\/revisions\/6980"}],"wp:featuredmedia":[{"embeddable":true,"href":"http:\/\/www.dzo.ufv.br\/index.php\/wp-json\/wp\/v2\/media\/6979"}],"wp:attachment":[{"href":"http:\/\/www.dzo.ufv.br\/index.php\/wp-json\/wp\/v2\/media?parent=6965"}],"wp:term":[{"taxonomy":"category","embeddable":true,"href":"http:\/\/www.dzo.ufv.br\/index.php\/wp-json\/wp\/v2\/categories?post=6965"},{"taxonomy":"post_tag","embeddable":true,"href":"http:\/\/www.dzo.ufv.br\/index.php\/wp-json\/wp\/v2\/tags?post=6965"}],"curies":[{"name":"wp","href":"https:\/\/api.w.org\/{rel}","templated":true}]}}