{"id":6799,"date":"2020-05-19T12:36:11","date_gmt":"2020-05-19T15:36:11","guid":{"rendered":"http:\/\/www.dzo.ufv.br\/?p=6799"},"modified":"2020-05-19T12:36:11","modified_gmt":"2020-05-19T15:36:11","slug":"lives-discutem-temas-relativos-a-pecuaria-leiteira","status":"publish","type":"post","link":"http:\/\/www.dzo.ufv.br\/index.php\/2020\/05\/19\/lives-discutem-temas-relativos-a-pecuaria-leiteira\/","title":{"rendered":"Lives discutem temas relativos \u00e0 pecu\u00e1ria leiteira"},"content":{"rendered":"<p>O Programa Fam\u00edlia do Leite far\u00e1 duas lives nas pr\u00f3ximas semanas. A primeira delas ocorrer\u00e1 na quarta-feira (20), \u00e0s 18h30, com a presen\u00e7a dos professores Roberto Sartori, da Universidade de S\u00e3o Paulo (USP), e Polyana Rota (UFV), discutindo o tema &#8220;Fatores de Aumentam a Taxa de prenhez em f\u00eameas\u00a0leiteiras&#8221;.<\/p>\n<p>Na semana seguinte &#8211; ter\u00e7a-feira (26), tamb\u00e9m \u00e0s 18h30 &#8211; o professor Luiz Ferrareto, da Universidade de Winsconsin (EUA), al\u00e9m da professora Polyana, abordar\u00e3o o assunto &#8220;Fibra e Amido: como otimizar para melhorar a produ\u00e7\u00e3o e sa\u00fade da vaca&#8221;.<\/p>\n<p>Segundo a professora, &#8220;essas lives se somam a outras cinco j\u00e1 realizadas pelo Programa, com um total de 900 participantes e s\u00e3o uma forma de levar conhecimento de alto n\u00edvel t\u00e9cnico a produtores, profissionais t\u00e9cnicos e aos estudantes&#8221;.<\/p>\n<p>Outras informa\u00e7\u00f5es podem ser obtidas no perfil do Instagram @familiadoleite.<\/p>\n<p style=\"text-align: right;\">\n<p style=\"text-align: right;\">Divulga\u00e7\u00e3o Institucional &#8211; campus Vi\u00e7osa<\/p>\n","protected":false},"excerpt":{"rendered":"<p>O Programa Fam\u00edlia do Leite far\u00e1 duas lives nas pr\u00f3ximas semanas. A primeira delas ocorrer\u00e1 na quarta-feira (20), \u00e0s 18h30, com a presen\u00e7a dos professores Roberto Sartori, da Universidade de S\u00e3o Paulo (USP), e Polyana Rota (UFV), discutindo o tema &#8220;Fatores de Aumentam a Taxa de prenhez em f\u00eameas\u00a0leiteiras&#8221;. Na semana seguinte &#8211; ter\u00e7a-feira (26), [&hellip;]<\/p>\n","protected":false},"author":1,"featured_media":6800,"comment_status":"open","ping_status":"open","sticky":false,"template":"","format":"standard","meta":[],"categories":[1],"tags":[],"_links":{"self":[{"href":"http:\/\/www.dzo.ufv.br\/index.php\/wp-json\/wp\/v2\/posts\/6799"}],"collection":[{"href":"http:\/\/www.dzo.ufv.br\/index.php\/wp-json\/wp\/v2\/posts"}],"about":[{"href":"http:\/\/www.dzo.ufv.br\/index.php\/wp-json\/wp\/v2\/types\/post"}],"author":[{"embeddable":true,"href":"http:\/\/www.dzo.ufv.br\/index.php\/wp-json\/wp\/v2\/users\/1"}],"replies":[{"embeddable":true,"href":"http:\/\/www.dzo.ufv.br\/index.php\/wp-json\/wp\/v2\/comments?post=6799"}],"version-history":[{"count":2,"href":"http:\/\/www.dzo.ufv.br\/index.php\/wp-json\/wp\/v2\/posts\/6799\/revisions"}],"predecessor-version":[{"id":6802,"href":"http:\/\/www.dzo.ufv.br\/index.php\/wp-json\/wp\/v2\/posts\/6799\/revisions\/6802"}],"wp:featuredmedia":[{"embeddable":true,"href":"http:\/\/www.dzo.ufv.br\/index.php\/wp-json\/wp\/v2\/media\/6800"}],"wp:attachment":[{"href":"http:\/\/www.dzo.ufv.br\/index.php\/wp-json\/wp\/v2\/media?parent=6799"}],"wp:term":[{"taxonomy":"category","embeddable":true,"href":"http:\/\/www.dzo.ufv.br\/index.php\/wp-json\/wp\/v2\/categories?post=6799"},{"taxonomy":"post_tag","embeddable":true,"href":"http:\/\/www.dzo.ufv.br\/index.php\/wp-json\/wp\/v2\/tags?post=6799"}],"curies":[{"name":"wp","href":"https:\/\/api.w.org\/{rel}","templated":true}]}}