{"id":5802,"date":"2019-06-25T14:36:31","date_gmt":"2019-06-25T17:36:31","guid":{"rendered":"http:\/\/www.dzo.ufv.br\/?p=5802"},"modified":"2019-06-25T14:36:31","modified_gmt":"2019-06-25T17:36:31","slug":"leilao-de-equideos","status":"publish","type":"post","link":"http:\/\/www.dzo.ufv.br\/index.php\/2019\/06\/25\/leilao-de-equideos\/","title":{"rendered":"Leil\u00e3o de Equideos"},"content":{"rendered":"<p>No dia 16 de julho, \u00e0s 19:00, vai aconteceu um Leil\u00e3o de Equ\u00eddeos durante a Semana do Fazendeiro (13 \u00e0 19 de julho). O evento ocorrer\u00e1 no na UEPE Equideocultura \/ DZO &#8211; UFV.<\/p>\n<p>As informa\u00e7\u00f5es sobre os animais e condi\u00e7\u00f5es de compra voc\u00ea encontra no link abaixo.<\/p>\n<p><a href=\"http:\/\/www.dzo.ufv.br\/wp-content\/uploads\/2019\/06\/ORIGINAL.pdf\">Clique aqui para saber mais!<\/a><\/p>\n","protected":false},"excerpt":{"rendered":"<p>No dia 16 de julho, \u00e0s 19:00, vai aconteceu um Leil\u00e3o de Equ\u00eddeos durante a Semana do Fazendeiro (13 \u00e0 19 de julho). O evento ocorrer\u00e1 no na UEPE Equideocultura \/ DZO &#8211; UFV. As informa\u00e7\u00f5es sobre os animais e condi\u00e7\u00f5es de compra voc\u00ea encontra no link abaixo. Clique aqui para saber mais!<\/p>\n","protected":false},"author":1,"featured_media":5804,"comment_status":"open","ping_status":"open","sticky":false,"template":"","format":"standard","meta":[],"categories":[1],"tags":[],"_links":{"self":[{"href":"http:\/\/www.dzo.ufv.br\/index.php\/wp-json\/wp\/v2\/posts\/5802"}],"collection":[{"href":"http:\/\/www.dzo.ufv.br\/index.php\/wp-json\/wp\/v2\/posts"}],"about":[{"href":"http:\/\/www.dzo.ufv.br\/index.php\/wp-json\/wp\/v2\/types\/post"}],"author":[{"embeddable":true,"href":"http:\/\/www.dzo.ufv.br\/index.php\/wp-json\/wp\/v2\/users\/1"}],"replies":[{"embeddable":true,"href":"http:\/\/www.dzo.ufv.br\/index.php\/wp-json\/wp\/v2\/comments?post=5802"}],"version-history":[{"count":2,"href":"http:\/\/www.dzo.ufv.br\/index.php\/wp-json\/wp\/v2\/posts\/5802\/revisions"}],"predecessor-version":[{"id":5807,"href":"http:\/\/www.dzo.ufv.br\/index.php\/wp-json\/wp\/v2\/posts\/5802\/revisions\/5807"}],"wp:featuredmedia":[{"embeddable":true,"href":"http:\/\/www.dzo.ufv.br\/index.php\/wp-json\/wp\/v2\/media\/5804"}],"wp:attachment":[{"href":"http:\/\/www.dzo.ufv.br\/index.php\/wp-json\/wp\/v2\/media?parent=5802"}],"wp:term":[{"taxonomy":"category","embeddable":true,"href":"http:\/\/www.dzo.ufv.br\/index.php\/wp-json\/wp\/v2\/categories?post=5802"},{"taxonomy":"post_tag","embeddable":true,"href":"http:\/\/www.dzo.ufv.br\/index.php\/wp-json\/wp\/v2\/tags?post=5802"}],"curies":[{"name":"wp","href":"https:\/\/api.w.org\/{rel}","templated":true}]}}