{"id":3971,"date":"2017-12-11T16:07:05","date_gmt":"2017-12-11T18:07:05","guid":{"rendered":"http:\/\/www.dzo.ufv.br\/?p=3971"},"modified":"2017-12-11T16:10:15","modified_gmt":"2017-12-11T18:10:15","slug":"necorte-promove-curso-o-poder-das-avaliacoes-geneticas-ministrado-por-especialista-da-alta-genetics","status":"publish","type":"post","link":"http:\/\/www.dzo.ufv.br\/index.php\/2017\/12\/11\/necorte-promove-curso-o-poder-das-avaliacoes-geneticas-ministrado-por-especialista-da-alta-genetics\/","title":{"rendered":"NECORTE promove curso &#8220;O Poder das Avalia\u00e7\u00f5es Gen\u00e9ticas&#8221; &#8211; Ministrado por especialista da Alta Genetics"},"content":{"rendered":"<div class=\"flex_column av_one_half  flex_column_div av-zero-column-padding first  \" style='border-radius:0px; '><section class=\"av_textblock_section\"  itemscope=\"itemscope\" itemtype=\"https:\/\/schema.org\/BlogPosting\" itemprop=\"blogPost\" ><div class='avia_textblock '   itemprop=\"text\" ><p>No dia 29\/11, o N\u00facleo de Estudos em Gado de Corte e Qualidade de Carne (NECORTE) promoveu, em parceria com a <a href=\"https:\/\/www.altagenetics.com.br\/\">Alta Genetics<\/a>, o curso \u201cO poder das avalia\u00e7\u00f5es gen\u00e9ticas\u201d. No S\u00e1bado dia 02\/12 realizou uma viagem a uma fazenda de cria, que trabalha com o sistema de integra\u00e7\u00e3o tipo Silvipastoril, em Coronel Pacheco.<\/p>\n<p>O curso foi realizado em duas etapas: a primeira ocorreu no turno da tarde do dia 29\/11 na UEPE-GC\/DZO-UFV. Ministrada pela Zootecnista e t\u00e9cnica de Corte da Alta Fernanda Borges, que abordou os principais aspectos na sele\u00e7\u00e3o de matrizes para entrarem na esta\u00e7\u00e3o de monta, levando em considera\u00e7\u00e3o o fen\u00f3tipo como ponderador na escolha dos melhores animais. A outra palestra foi ministrada a noite pela t\u00e9cnica, j\u00e1 no Departamento de Zootecnia, onde foi poss\u00edvel discutir o ganho gen\u00e9tico da pecu\u00e1ria de corte brasileira quando se realiza a sele\u00e7\u00e3o do rebanho. . O curso contou com a presen\u00e7a de estudantes de gradua\u00e7\u00e3o e p\u00f3s-gradua\u00e7\u00e3o em Zootecnia e Medicina Veterin\u00e1ria da UFV e Univi\u00e7osa.<\/p>\n<p>Na manh\u00e3 de s\u00e1bado do dia 02\/12, o grupo saiu com destino \u00e0 Fazenda Triqueda em Coronel Pacheco, onde puderam conhecer um pouco do sistema Silvipastoril desenvolvido pelo propriet\u00e1rio Leonardo de Oliveira Resende e colaboradores. O projeto desenvolvido na propriedade, busca atender uma demanda cada vez maior por carnes nobres e por madeira de plantios renov\u00e1veis (com a preserva\u00e7\u00e3o das florestas nativas). A fazenda adota modelos de gest\u00e3o sustent\u00e1vel focados em alcan\u00e7ar n\u00edveis de qualidade e lucratividade com responsabilidade ambiental e social.<\/p>\n<p>O NECORTE agradece a colabora\u00e7\u00e3o de todos e conta com a presen\u00e7a dos participantes no pr\u00f3ximo ano!<\/p>\n<\/div><\/section><\/div><div class=\"flex_column av_one_half  flex_column_div av-zero-column-padding   \" style='border-radius:0px; '><div class='avia-gallery avia-gallery-1 avia_lazyload avia_animate_when_visible '  itemscope=\"itemscope\" itemtype=\"https:\/\/schema.org\/ImageObject\" ><a class='avia-gallery-big fakeLightbox lightbox avia-gallery-big-crop-thumb ' href='http:\/\/www.dzo.ufv.br\/wp-content\/uploads\/2017\/12\/necorte6.jpg'  data-onclick='1' title='' ><span class='avia-gallery-big-inner'  itemprop=\"thumbnailUrl\" >\t<img width='495' height='400' src='http:\/\/www.dzo.ufv.br\/wp-content\/uploads\/2017\/12\/necorte6-495x400.jpg' title='necorte6' alt='' \/><\/span><\/a><div class='avia-gallery-thumb'> <a href='http:\/\/www.dzo.ufv.br\/wp-content\/uploads\/2017\/12\/necorte6.jpg' data-rel='gallery-1' data-prev-img='http:\/\/www.dzo.ufv.br\/wp-content\/uploads\/2017\/12\/necorte6-495x400.jpg' class='first_thumb lightbox ' data-onclick='1' title=''  itemprop=\"thumbnailUrl\" ><img  src='http:\/\/www.dzo.ufv.br\/wp-content\/uploads\/2017\/12\/necorte6-495x400.jpg' width='495' height='400'  title='necorte6' alt='' \/><\/a> <a href='http:\/\/www.dzo.ufv.br\/wp-content\/uploads\/2017\/12\/necorte7.jpg' data-rel='gallery-1' data-prev-img='http:\/\/www.dzo.ufv.br\/wp-content\/uploads\/2017\/12\/necorte7-495x400.jpg' class='lightbox ' data-onclick='2' title=''  itemprop=\"thumbnailUrl\" ><img  src='http:\/\/www.dzo.ufv.br\/wp-content\/uploads\/2017\/12\/necorte7-495x400.jpg' width='495' height='400'  title='necorte7' alt='' \/><\/a> <a href='http:\/\/www.dzo.ufv.br\/wp-content\/uploads\/2017\/12\/necorte5.jpg' data-rel='gallery-1' data-prev-img='http:\/\/www.dzo.ufv.br\/wp-content\/uploads\/2017\/12\/necorte5-495x400.jpg' class='lightbox ' data-onclick='3' title=''  itemprop=\"thumbnailUrl\" ><img  src='http:\/\/www.dzo.ufv.br\/wp-content\/uploads\/2017\/12\/necorte5-495x400.jpg' width='495' height='400'  title='necorte5' alt='' \/><\/a> <a href='http:\/\/www.dzo.ufv.br\/wp-content\/uploads\/2017\/12\/necorte4-1030x580.jpeg' data-rel='gallery-1' data-prev-img='http:\/\/www.dzo.ufv.br\/wp-content\/uploads\/2017\/12\/necorte4-495x400.jpeg' class='lightbox ' data-onclick='4' title=''  itemprop=\"thumbnailUrl\" ><img  src='http:\/\/www.dzo.ufv.br\/wp-content\/uploads\/2017\/12\/necorte4-495x400.jpeg' width='495' height='400'  title='necorte4' alt='' \/><\/a> <a href='http:\/\/www.dzo.ufv.br\/wp-content\/uploads\/2017\/12\/necorte3-1030x580.jpeg' data-rel='gallery-1' data-prev-img='http:\/\/www.dzo.ufv.br\/wp-content\/uploads\/2017\/12\/necorte3-495x400.jpeg' class='lightbox ' data-onclick='5' title=''  itemprop=\"thumbnailUrl\" ><img  src='http:\/\/www.dzo.ufv.br\/wp-content\/uploads\/2017\/12\/necorte3-495x400.jpeg' width='495' height='400'  title='necorte3' alt='' \/><\/a> <a href='http:\/\/www.dzo.ufv.br\/wp-content\/uploads\/2017\/12\/necorte2-1030x580.jpeg' data-rel='gallery-1' data-prev-img='http:\/\/www.dzo.ufv.br\/wp-content\/uploads\/2017\/12\/necorte2-495x400.jpeg' class='first_thumb lightbox ' data-onclick='6' title=''  itemprop=\"thumbnailUrl\" ><img  src='http:\/\/www.dzo.ufv.br\/wp-content\/uploads\/2017\/12\/necorte2-495x400.jpeg' width='495' height='400'  title='necorte2' alt='' \/><\/a> <a href='http:\/\/www.dzo.ufv.br\/wp-content\/uploads\/2017\/12\/necorte1-1030x580.jpeg' data-rel='gallery-1' data-prev-img='http:\/\/www.dzo.ufv.br\/wp-content\/uploads\/2017\/12\/necorte1-495x400.jpeg' class='lightbox ' data-onclick='7' title=''  itemprop=\"thumbnailUrl\" ><img  src='http:\/\/www.dzo.ufv.br\/wp-content\/uploads\/2017\/12\/necorte1-495x400.jpeg' width='495' height='400'  title='necorte1' alt='' \/><\/a><\/div><\/div><\/div><\/p>\n","protected":false},"excerpt":{"rendered":"","protected":false},"author":1,"featured_media":3977,"comment_status":"open","ping_status":"open","sticky":false,"template":"","format":"standard","meta":[],"categories":[1],"tags":[359,377,373,367,351,363,357,365,222,230,375,355,369,379,371,361,88,70],"_links":{"self":[{"href":"http:\/\/www.dzo.ufv.br\/index.php\/wp-json\/wp\/v2\/posts\/3971"}],"collection":[{"href":"http:\/\/www.dzo.ufv.br\/index.php\/wp-json\/wp\/v2\/posts"}],"about":[{"href":"http:\/\/www.dzo.ufv.br\/index.php\/wp-json\/wp\/v2\/types\/post"}],"author":[{"embeddable":true,"href":"http:\/\/www.dzo.ufv.br\/index.php\/wp-json\/wp\/v2\/users\/1"}],"replies":[{"embeddable":true,"href":"http:\/\/www.dzo.ufv.br\/index.php\/wp-json\/wp\/v2\/comments?post=3971"}],"version-history":[{"count":5,"href":"http:\/\/www.dzo.ufv.br\/index.php\/wp-json\/wp\/v2\/posts\/3971\/revisions"}],"predecessor-version":[{"id":3980,"href":"http:\/\/www.dzo.ufv.br\/index.php\/wp-json\/wp\/v2\/posts\/3971\/revisions\/3980"}],"wp:featuredmedia":[{"embeddable":true,"href":"http:\/\/www.dzo.ufv.br\/index.php\/wp-json\/wp\/v2\/media\/3977"}],"wp:attachment":[{"href":"http:\/\/www.dzo.ufv.br\/index.php\/wp-json\/wp\/v2\/media?parent=3971"}],"wp:term":[{"taxonomy":"category","embeddable":true,"href":"http:\/\/www.dzo.ufv.br\/index.php\/wp-json\/wp\/v2\/categories?post=3971"},{"taxonomy":"post_tag","embeddable":true,"href":"http:\/\/www.dzo.ufv.br\/index.php\/wp-json\/wp\/v2\/tags?post=3971"}],"curies":[{"name":"wp","href":"https:\/\/api.w.org\/{rel}","templated":true}]}}